{"id":5154,"date":"2019-03-21T20:21:54","date_gmt":"2019-03-21T19:21:54","guid":{"rendered":"https:\/\/www.polideas.it\/?p=5154"},"modified":"2020-09-11T10:20:25","modified_gmt":"2020-09-11T08:20:25","slug":"einrichtungstrends-2019","status":"publish","type":"post","link":"http:\/\/www.polideas.it\/de\/einrichtungsideen\/einrichtungstrends-2019\/","title":{"rendered":"M\u00f6beltrends 2019: Erg\u00e4nzungen, Farben und Stile zur Inspiration"},"content":{"rendered":"<h2 style=\"text-align: center\">F\u00fcr diejenigen, die gerne Trends in der Inneneinrichtung verfolgen, finden Sie hier die beliebtesten Stile des Jahres 2019 mit Ratschl\u00e4gen, welche Farben und Accessoires Sie w\u00e4hlen sollten.<\/h2>\n<p>&nbsp;<\/p>\n<p>2019 ist nun in vollem Gange und mit ihm all die <strong>neue Trends<\/strong> in der Welt der Innenarchitektur.<\/p>\n<p>Wer auch bei der Einrichtung seiner Wohnung auf die neuesten Trends achtet, wird neugierig sein zu erfahren, auf welche Nuancen er achten sollte, welche Einrichtungsstile im Trend liegen und welche Accessoires unbedingt dazu passen m\u00fcssen.<\/p>\n<p>Wenn Sie ein sch\u00f6nes Zuhause haben m\u00f6chten, das nach den neuesten Trends eingerichtet ist, ist dieser Artikel genau das Richtige f\u00fcr Sie.<\/p>\n<h3><strong>Die Trendfarben des Jahres 2019<\/strong><\/h3>\n<p>W\u00e4hlen Sie sorgf\u00e4ltig <strong>Farben, mit denen Sie dekorieren k\u00f6nnen<\/strong> der eigenen Wohnung ist wirklich sehr wichtig: Neben dem \u00e4sthetischen Faktor stellt die Wahl der Farbt\u00f6ne nach Ansicht der <strong>Chromotherapie<\/strong>auch eine M\u00f6glichkeit, das eigene Zuhause positiv und entspannend zu gestalten.<\/p>\n<p>Jede Farbe ist in der Lage, unterschiedliche Emotionen in einem Menschen hervorzurufen, und deshalb gibt es Farben, die anderen vorzuziehen sind. Bei den Einrichtungstrends 2019 gibt es jedoch vor allem zwei Farbmakrobereiche, auf die man sich beziehen kann, n\u00e4mlich den der Pastellfarben und den der leuchtenden, intensiven Farben, ganz im Stil der 70er Jahre.<\/p>\n<p>I <strong>Pastellfarben<\/strong> Sie dringen in jeden Raum des Hauses ein, von der K\u00fcche bis zum Wohnzimmer, und mildern mit ihrer zarten Pr\u00e4senz jeden Einrichtungsstil, indem sie sich perfekt mit Shabby-Chic, provenzalischem, klassischem und nordischem Stil verbinden. Von grundlegender Bedeutung ist in diesem Fall die Wahl der Erg\u00e4nzungen, die einfach, aber raffiniert sein m\u00fcssen, um die Oberfl\u00e4chen zu vereinen.<\/p>\n<p><img loading=\"lazy\" decoding=\"async\" class=\"size-medium wp-image-5156 aligncenter\" src=\"https:\/\/www.polideas.it\/wp-content\/uploads\/2019\/03\/pastelli-710x400.jpg\" alt=\"\" width=\"710\" height=\"400\" srcset=\"https:\/\/www.polideas.it\/wp-content\/uploads\/2019\/03\/pastelli-710x400.jpg 710w, https:\/\/www.polideas.it\/wp-content\/uploads\/2019\/03\/pastelli-768x433.jpg 768w, https:\/\/www.polideas.it\/wp-content\/uploads\/2019\/03\/pastelli-510x287.jpg 510w, https:\/\/www.polideas.it\/wp-content\/uploads\/2019\/03\/pastelli.jpg 1150w\" sizes=\"auto, (max-width: 710px) 100vw, 710px\" \/><\/p>\n<p>Ein Beispiel? Die <a href=\"https:\/\/www.polideas.it\/de\/shop\/camera-soggiorno-e-bricolage\/077-grip\/\">Handgriff<\/a>kurvenreich und wesentlich.<\/p>\n<p><img loading=\"lazy\" decoding=\"async\" class=\"size-medium wp-image-5157 aligncenter\" src=\"https:\/\/www.polideas.it\/wp-content\/uploads\/2019\/03\/grip-400x400.jpg\" alt=\"\" width=\"400\" height=\"400\" srcset=\"https:\/\/www.polideas.it\/wp-content\/uploads\/2019\/03\/grip-400x400.jpg 400w, https:\/\/www.polideas.it\/wp-content\/uploads\/2019\/03\/grip-280x280.jpg 280w, https:\/\/www.polideas.it\/wp-content\/uploads\/2019\/03\/grip-247x247.jpg 247w, https:\/\/www.polideas.it\/wp-content\/uploads\/2019\/03\/grip-510x510.jpg 510w, https:\/\/www.polideas.it\/wp-content\/uploads\/2019\/03\/grip-100x100.jpg 100w, https:\/\/www.polideas.it\/wp-content\/uploads\/2019\/03\/grip.jpg 600w\" sizes=\"auto, (max-width: 400px) 100vw, 400px\" \/><\/p>\n<p>Puderrosa, Puderblau, Hellgelb, Flieder, Pfirsich, aber auch viel Wei\u00df, Creme, Hellelfenbein und Mintgr\u00fcn sind zweifellos die Farbt\u00f6ne, auf die Sie sich konzentrieren sollten, um ein makelloses Zuhause im Einklang mit den Trends 2019 zu haben.<\/p>\n<p>Oder die intensiven, ges\u00e4ttigten und hypnotischen Farben: <strong>Lila, Senfgelb, Burgunderrot, Blau<\/strong> <strong>elektrisch und dunkelgr\u00fcn <\/strong>sind die Farbt\u00f6ne, auf die Sie sich konzentrieren sollten, wenn Sie moderne M\u00f6bel mit gl\u00e4nzenden, lackierten Texturen m\u00f6gen.<\/p>\n<p><img loading=\"lazy\" decoding=\"async\" class=\"size-medium wp-image-5158 aligncenter\" src=\"https:\/\/www.polideas.it\/wp-content\/uploads\/2019\/03\/iStock-933471248-980x480-800x392.jpg\" alt=\"\" width=\"800\" height=\"392\" srcset=\"https:\/\/www.polideas.it\/wp-content\/uploads\/2019\/03\/iStock-933471248-980x480-800x392.jpg 800w, https:\/\/www.polideas.it\/wp-content\/uploads\/2019\/03\/iStock-933471248-980x480-768x376.jpg 768w, https:\/\/www.polideas.it\/wp-content\/uploads\/2019\/03\/iStock-933471248-980x480-510x250.jpg 510w, https:\/\/www.polideas.it\/wp-content\/uploads\/2019\/03\/iStock-933471248-980x480.jpg 980w\" sizes=\"auto, (max-width: 800px) 100vw, 800px\" \/><\/p>\n<p>Farben, die sicherlich dunkler sind als die romantischen Pastellt\u00f6ne, aber immer noch leuchtend, perfekt, um der Einrichtung einen zus\u00e4tzlichen Hauch von Pers\u00f6nlichkeit zu verleihen. Auch hier ist es wichtig, die richtigen Accessoires zu w\u00e4hlen: am besten konzentrieren Sie sich auf essentielle, moderne Accessoires in passenden Farbt\u00f6nen wie die <a href=\"https:\/\/www.polideas.it\/de\/produkt-kategorie\/camera-soggiorno-e-bricolage\/seite\/2\/\">Griffe Profil.<\/a><\/p>\n<p><img loading=\"lazy\" decoding=\"async\" class=\"alignnone size-medium wp-image-5159\" src=\"https:\/\/www.polideas.it\/wp-content\/uploads\/2019\/03\/profile-800x212.png\" alt=\"\" width=\"800\" height=\"212\" srcset=\"https:\/\/www.polideas.it\/wp-content\/uploads\/2019\/03\/profile-800x212.png 800w, https:\/\/www.polideas.it\/wp-content\/uploads\/2019\/03\/profile-768x204.png 768w, https:\/\/www.polideas.it\/wp-content\/uploads\/2019\/03\/profile-510x135.png 510w, https:\/\/www.polideas.it\/wp-content\/uploads\/2019\/03\/profile.png 919w\" sizes=\"auto, (max-width: 800px) 100vw, 800px\" \/><\/p>\n<p>Schlie\u00dflich bleiben Schwarz und Wei\u00df immer perfekte Passepartout-Farben, die Sie geschickt mit anderen Farbtupfern mischen k\u00f6nnen.<\/p>\n<h3><strong>Die Must-Have-M\u00f6bel des Jahres 2019<\/strong><\/h3>\n<p>Nachdem wir gesehen haben, was die Top-Farben dieses Jahres sind, schauen wir uns nun die modischsten Einrichtungsstile an, die Sie w\u00e4hlen k\u00f6nnen, wenn Sie ein anspruchsvolles Zuhause im Einklang mit den neuesten Trends lieben.<\/p>\n<p>Zu den trendigsten Einrichtungsstilen geh\u00f6ren zweifelsohne <strong>der minimale Stil <\/strong>Im nordischen Stil, <strong>die ethnischen<\/strong> exotischen Geschmack und <strong>der Industrielle<\/strong>drei sehr unterschiedliche Arten von M\u00f6beln, aber alle \u00e4u\u00dferst faszinierend.<\/p>\n<p>Lo <strong>Nordischer Stil<\/strong> basiert auf der Tradition der Inneneinrichtung in den nordeurop\u00e4ischen L\u00e4ndern: Es ist ein essentieller Stil, einfach und raffiniert in seinen Formen, oft mit Design, die durch das vorherrschende Material Holz erw\u00e4rmt werden. Wei\u00df ist die am h\u00e4ufigsten verwendete Farbe, zusammen mit einigen anderen T\u00f6nen wie Schwarz, Grau und einigen seltenen Pastellt\u00f6nen. Die Vorherrschaft der hellen Farben erm\u00f6glicht <strong>Helle Umgebungen<\/strong>Sie sind auch perfekt f\u00fcr diejenigen, die nur wenige Quadratmeter zur Verf\u00fcgung haben, da sie den Raum optisch erweitern.<\/p>\n<p><img loading=\"lazy\" decoding=\"async\" class=\"size-medium wp-image-5160 aligncenter\" src=\"https:\/\/www.polideas.it\/wp-content\/uploads\/2019\/03\/arredamenti-torino-601x400.jpg\" alt=\"\" width=\"601\" height=\"400\" srcset=\"https:\/\/www.polideas.it\/wp-content\/uploads\/2019\/03\/arredamenti-torino-601x400.jpg 601w, https:\/\/www.polideas.it\/wp-content\/uploads\/2019\/03\/arredamenti-torino-768x511.jpg 768w, https:\/\/www.polideas.it\/wp-content\/uploads\/2019\/03\/arredamenti-torino-510x339.jpg 510w, https:\/\/www.polideas.it\/wp-content\/uploads\/2019\/03\/arredamenti-torino.jpg 870w\" sizes=\"auto, (max-width: 601px) 100vw, 601px\" \/><\/p>\n<p>Hier sollten die Erg\u00e4nzungen sorgf\u00e4ltig entworfen werden und sich stark auf leichte Materialien und wesentliche Formen konzentrieren, vorzugsweise geometrisch, genau wie die Griffe <a href=\"https:\/\/www.polideas.it\/de\/shop\/kochen\/046b_sagittario\/\">Sch\u00fctze<\/a>, <a href=\"https:\/\/www.polideas.it\/de\/shop\/kochen\/315_railway\/\">Eisenbahn<\/a> e <a href=\"https:\/\/www.polideas.it\/de\/shop\/camera-soggiorno-e-bricolage\/317-concept\/\">Konzept.<\/a><\/p>\n<p><img loading=\"lazy\" decoding=\"async\" class=\"size-medium wp-image-5161 aligncenter\" src=\"https:\/\/www.polideas.it\/wp-content\/uploads\/2019\/03\/maniglie-mix-800x273.jpg\" alt=\"\" width=\"800\" height=\"273\" srcset=\"https:\/\/www.polideas.it\/wp-content\/uploads\/2019\/03\/maniglie-mix-800x273.jpg 800w, https:\/\/www.polideas.it\/wp-content\/uploads\/2019\/03\/maniglie-mix-1400x479.jpg 1400w, https:\/\/www.polideas.it\/wp-content\/uploads\/2019\/03\/maniglie-mix-768x263.jpg 768w, https:\/\/www.polideas.it\/wp-content\/uploads\/2019\/03\/maniglie-mix-1536x525.jpg 1536w, https:\/\/www.polideas.it\/wp-content\/uploads\/2019\/03\/maniglie-mix-510x174.jpg 510w, https:\/\/www.polideas.it\/wp-content\/uploads\/2019\/03\/maniglie-mix.jpg 1840w\" sizes=\"auto, (max-width: 800px) 100vw, 800px\" \/><\/p>\n<p>Und die Kn\u00f6pfe <a href=\"https:\/\/www.polideas.it\/de\/shop\/camera-soggiorno-e-bricolage\/022q-quadro\/\">Rahmenwerk<\/a> e <a href=\"https:\/\/www.polideas.it\/de\/shop\/camera-soggiorno-e-bricolage\/414q-minimal\/\">Minimal.<\/a><\/p>\n<p><img loading=\"lazy\" decoding=\"async\" class=\"size-medium wp-image-5162 aligncenter\" src=\"https:\/\/www.polideas.it\/wp-content\/uploads\/2019\/03\/pomelli-mix-797x400.jpg\" alt=\"\" width=\"797\" height=\"400\" srcset=\"https:\/\/www.polideas.it\/wp-content\/uploads\/2019\/03\/pomelli-mix-797x400.jpg 797w, https:\/\/www.polideas.it\/wp-content\/uploads\/2019\/03\/pomelli-mix-768x385.jpg 768w, https:\/\/www.polideas.it\/wp-content\/uploads\/2019\/03\/pomelli-mix-510x256.jpg 510w, https:\/\/www.polideas.it\/wp-content\/uploads\/2019\/03\/pomelli-mix.jpg 1216w\" sizes=\"auto, (max-width: 797px) 100vw, 797px\" \/><\/p>\n<p>Lo <strong>ethnischer Stil<\/strong> Die exotische Stimmung blickt stattdessen auf ferne L\u00e4nder, aus denen sie Pers\u00f6nlichkeit und Energie sch\u00f6pft: Holz in verschiedenen Deklinationen, animalische Muster und intensive Farben, die sich zu warmen und gem\u00fctlichen Umgebungen mischen, triumphieren unter den Einrichtungstrends 2019.<\/p>\n<p><img loading=\"lazy\" decoding=\"async\" class=\"size-medium wp-image-5163 aligncenter\" src=\"https:\/\/www.polideas.it\/wp-content\/uploads\/2019\/03\/etnico-711x400.jpg\" alt=\"\" width=\"711\" height=\"400\" srcset=\"https:\/\/www.polideas.it\/wp-content\/uploads\/2019\/03\/etnico-711x400.jpg 711w, https:\/\/www.polideas.it\/wp-content\/uploads\/2019\/03\/etnico-768x432.jpg 768w, https:\/\/www.polideas.it\/wp-content\/uploads\/2019\/03\/etnico-510x287.jpg 510w, https:\/\/www.polideas.it\/wp-content\/uploads\/2019\/03\/etnico.jpg 1200w\" sizes=\"auto, (max-width: 711px) 100vw, 711px\" \/><\/p>\n<p>Hier sind die idealen Erg\u00e4nzungen alle h\u00f6lzernen oder, im Gegenteil, solche mit einer antiken Stimmung, die einen absolut interessanten Kontrast schaffen werden. Versuchen Sie zum Beispiel die <a href=\"https:\/\/www.polideas.it\/de\/shop\/camera-soggiorno-e-bricolage\/067-wood\/\">Griff Holz<\/a> und die <a href=\"https:\/\/www.polideas.it\/de\/shop\/antiquiert\/052b-bridge-fa\/\">Big Bridge antiker Griff<\/a>.<\/p>\n<p><img loading=\"lazy\" decoding=\"async\" class=\"size-medium wp-image-5164 aligncenter\" src=\"https:\/\/www.polideas.it\/wp-content\/uploads\/2019\/03\/maniglie-varie-800x362.jpg\" alt=\"\" width=\"800\" height=\"362\" srcset=\"https:\/\/www.polideas.it\/wp-content\/uploads\/2019\/03\/maniglie-varie-800x362.jpg 800w, https:\/\/www.polideas.it\/wp-content\/uploads\/2019\/03\/maniglie-varie-768x348.jpg 768w, https:\/\/www.polideas.it\/wp-content\/uploads\/2019\/03\/maniglie-varie-510x231.jpg 510w, https:\/\/www.polideas.it\/wp-content\/uploads\/2019\/03\/maniglie-varie.jpg 1239w\" sizes=\"auto, (max-width: 800px) 100vw, 800px\" \/><\/p>\n<p>Schlie\u00dflich ist die <strong>Industrieller Stil<\/strong> ist sehr stark von den gro\u00dfen amerikanischen Lofts inspiriert, den riesigen offenen R\u00e4umen, in denen ein ungew\u00f6hnlicher Mix aus Eisen, Holz, Gusseisen und Leder mit freiliegenden Ziegeln, Holzparkettb\u00f6den und Vintage-M\u00f6beln gemischt mit hypermodernen St\u00fccken triumphiert.<\/p>\n<p><img loading=\"lazy\" decoding=\"async\" class=\"size-medium wp-image-5165 aligncenter\" src=\"https:\/\/www.polideas.it\/wp-content\/uploads\/2019\/03\/industirale-606x400.jpg\" alt=\"\" width=\"606\" height=\"400\" srcset=\"https:\/\/www.polideas.it\/wp-content\/uploads\/2019\/03\/industirale-606x400.jpg 606w, https:\/\/www.polideas.it\/wp-content\/uploads\/2019\/03\/industirale-768x507.jpg 768w, https:\/\/www.polideas.it\/wp-content\/uploads\/2019\/03\/industirale-510x337.jpg 510w, https:\/\/www.polideas.it\/wp-content\/uploads\/2019\/03\/industirale.jpg 1211w\" sizes=\"auto, (max-width: 606px) 100vw, 606px\" \/><\/p>\n<p>Hier sind die idealen Erg\u00e4nzungen zweifelsohne alle <strong>das antiquierte<\/strong>die den M\u00f6beln Pers\u00f6nlichkeit verleihen und sich perfekt in die R\u00e4ume einf\u00fcgen, wie zum Beispiel die <a href=\"https:\/\/www.polideas.it\/de\/shop\/antiquiert\/377-t-fa\/\">Handgriff T<\/a>, die <a href=\"https:\/\/www.polideas.it\/de\/shop\/antiquiert\/385-classic-fa\/\">Klassischer antiker Griff<\/a> und die <a href=\"https:\/\/www.polideas.it\/de\/shop\/antiquiert\/091a-arco-fa\/\">Arch Antique Handle.<\/a><\/p>\n<p><img loading=\"lazy\" decoding=\"async\" class=\"size-medium wp-image-5166 aligncenter\" src=\"https:\/\/www.polideas.it\/wp-content\/uploads\/2019\/03\/stile-industriale-800x273.png\" alt=\"\" width=\"800\" height=\"273\" srcset=\"https:\/\/www.polideas.it\/wp-content\/uploads\/2019\/03\/stile-industriale-800x273.png 800w, https:\/\/www.polideas.it\/wp-content\/uploads\/2019\/03\/stile-industriale-1400x478.png 1400w, https:\/\/www.polideas.it\/wp-content\/uploads\/2019\/03\/stile-industriale-768x262.png 768w, https:\/\/www.polideas.it\/wp-content\/uploads\/2019\/03\/stile-industriale-1536x525.png 1536w, https:\/\/www.polideas.it\/wp-content\/uploads\/2019\/03\/stile-industriale-510x174.png 510w, https:\/\/www.polideas.it\/wp-content\/uploads\/2019\/03\/stile-industriale.png 1809w\" sizes=\"auto, (max-width: 800px) 100vw, 800px\" \/><\/p>\n<p>F\u00fcr diejenigen, die ihre Wohnung nach den neuesten Trends einrichten m\u00f6chten, sind dies also die Richtlinien, die es zu ber\u00fccksichtigen gilt, nat\u00fcrlich zusammen mit der Hinzuf\u00fcgung der eigenen pers\u00f6nlichen Note, die unerl\u00e4sslich ist, um jeden Raum noch sch\u00f6ner zu machen.<\/p>\n<p>&nbsp;<\/p>","protected":false},"excerpt":{"rendered":"<p>Per chi ama seguire le tendenze nel campo dell&#8217;arredamento, ecco gli stili pi\u00f9 gettonati del 2019 con i consigli su quali colori e complementi scegliere. &nbsp; Il 2019 \u00e8 ormai entrato nel vivo e con esso tutte le nuove tendenze nel mondo del design d\u2019interni. Chi \u00e8 attento agli ultimi trend, anche nell\u2019arredare la propria [&#8230;]\n","protected":false},"author":1,"featured_media":5167,"comment_status":"closed","ping_status":"closed","sticky":false,"template":"","format":"standard","meta":{"_acf_changed":false,"footnotes":""},"categories":[320],"tags":[],"class_list":["post-5154","post","type-post","status-publish","format-standard","has-post-thumbnail","hentry","category-idee-darredo"],"acf":[],"_links":{"self":[{"href":"http:\/\/www.polideas.it\/de\/wp-json\/wp\/v2\/posts\/5154","targetHints":{"allow":["GET"]}}],"collection":[{"href":"http:\/\/www.polideas.it\/de\/wp-json\/wp\/v2\/posts"}],"about":[{"href":"http:\/\/www.polideas.it\/de\/wp-json\/wp\/v2\/types\/post"}],"author":[{"embeddable":true,"href":"http:\/\/www.polideas.it\/de\/wp-json\/wp\/v2\/users\/1"}],"replies":[{"embeddable":true,"href":"http:\/\/www.polideas.it\/de\/wp-json\/wp\/v2\/comments?post=5154"}],"version-history":[{"count":0,"href":"http:\/\/www.polideas.it\/de\/wp-json\/wp\/v2\/posts\/5154\/revisions"}],"wp:featuredmedia":[{"embeddable":true,"href":"http:\/\/www.polideas.it\/de\/wp-json\/wp\/v2\/media\/5167"}],"wp:attachment":[{"href":"http:\/\/www.polideas.it\/de\/wp-json\/wp\/v2\/media?parent=5154"}],"wp:term":[{"taxonomy":"category","embeddable":true,"href":"http:\/\/www.polideas.it\/de\/wp-json\/wp\/v2\/categories?post=5154"},{"taxonomy":"post_tag","embeddable":true,"href":"http:\/\/www.polideas.it\/de\/wp-json\/wp\/v2\/tags?post=5154"}],"curies":[{"name":"wp","href":"https:\/\/api.w.org\/{rel}","templated":true}]}}